{"id":8152,"date":"2026-04-16T10:59:14","date_gmt":"2026-04-16T08:59:14","guid":{"rendered":"https:\/\/www.megapikselstuudio.ee\/?p=8152"},"modified":"2026-04-30T12:04:27","modified_gmt":"2026-04-30T10:04:27","slug":"arvamus-sel-aastal-ei-voida-enam-see-kes-koige-valjemini-raagib","status":"publish","type":"post","link":"https:\/\/www.megapikselstuudio.ee\/en\/arvamus-sel-aastal-ei-voida-enam-see-kes-koige-valjemini-raagib\/","title":{"rendered":"OPINION | This year, the loudest voice no longer wins"},"content":{"rendered":"<div data-elementor-type=\"wp-post\" data-elementor-id=\"8152\" class=\"elementor elementor-8152\" data-elementor-post-type=\"post\">\n\t\t\t\t\t\t<section class=\"elementor-section elementor-top-section elementor-element elementor-element-45c712f1 elementor-section-boxed elementor-section-height-default elementor-section-height-default qodef-elementor-content-no\" data-id=\"45c712f1\" data-element_type=\"section\" data-e-type=\"section\">\n\t\t\t\t\t\t<div class=\"elementor-container elementor-column-gap-default\">\n\t\t\t\t\t<div class=\"elementor-column elementor-col-100 elementor-top-column elementor-element elementor-element-12661299\" data-id=\"12661299\" data-element_type=\"column\" data-e-type=\"column\">\n\t\t\t<div class=\"elementor-widget-wrap elementor-element-populated\">\n\t\t\t\t\t\t<div class=\"elementor-element elementor-element-5f8d0e8f elementor-widget elementor-widget-text-editor\" data-id=\"5f8d0e8f\" data-element_type=\"widget\" data-e-type=\"widget\" data-widget_type=\"text-editor.default\">\n\t\t\t\t<div class=\"elementor-widget-container\">\n\t\t\t\t\t\t\t\t\t<p>The past few years have taught us marketers one thing very well: how to be maximally visible. More content, more channels, more optimization. At the same time, there's a feeling that the harder we try, the less it actually speaks to people.<\/p>\n<p><strong>Getri Mitt<br><\/strong><em>Marketing Project Manager at Megapiksel<\/em><\/p><p><em><br><\/em><\/p>\n<p><\/p>\n<p data-path-to-node=\"1\">People are tired of being a target audience, data, and algorithm input. Attention is no longer a given, and trust has become the most expensive currency of all.<\/p>\n<h4><span style=\"font-weight: normal;\">We don't want to be objects anymore<\/span><\/h4>\n<p data-path-to-node=\"3\">People are very good at recognizing the moment when \"marketing is being done to them.\" The ad shows up at the right moment, the message is perfectly targeted, and everything seems logical. And yet there's a feeling that it isn't real. In 2026, people are looking for places where they're not just a consumer, but a person \u2014 where the relationship doesn't start with a sale or end with a conversion. As a result, reach is losing its former weight, and genuine connection and identification matter more than ever.<\/p>\n<h4><span style=\"font-weight: normal;\">Conscious disengagement isn't escape<\/span><\/h4>\n<p data-path-to-node=\"5\">More and more people are consciously curating their digital lives. Recommendations get muted, noisy platforms get set aside, and attention gets redirected to where it feels valuable. This isn't leaving the internet \u2014 it's switching channels. For brands, this means their presence has to be justified. Simply \"being there\" is no longer enough. You have to understand why anyone would even want to let you into their life.<\/p>\n<h4><span style=\"font-weight: normal;\">Real interaction is moving into private spaces<\/span><\/h4>\n<p data-path-to-node=\"7\">The public <i data-path-to-node=\"7\" data-index-in-node=\"7\">feed<\/i> has become too noisy. As a result, real interaction is increasingly moving into closed environments \u2014 smaller communities where people discuss things, share experiences and recommendations, rather than just consuming content alone. Discord servers, WhatsApp groups, broadcast channels, and micro-communities aren't a niche anymore. They're where trust forms.<\/p>\n<p data-path-to-node=\"8\">The data backs up this shift too. Based on its LIFT ROI and Global Monitor datasets, Kantar finds that brands using knowledge-based micro-communities achieve, on average, up to 25% higher marketing ROI. On top of that, nearly 40% of consumers trust community recommendations just as much as personal ones. That's a significant shift, because trust is something that genuinely exists between people.<\/p>\n<h4><span style=\"font-weight: normal;\">Inclusion is no longer optional<\/span><\/h4>\n<p data-path-to-node=\"3\">According to Kantar's Global Monitor, nearly two-thirds of people value companies that promote diversity and inclusion. This is no longer just a values-based stance \u2014 it's a direct growth factor. The more people feel spoken to, the stronger a brand's bond with its audience.<\/p>\n<h4><span style=\"font-weight: normal;\">LinkedIn, Substack, and slower but stronger growth<\/span><\/h4>\n<p data-path-to-node=\"5\">Noisy platforms are losing attention, while LinkedIn and Substack are gaining momentum. The reason is simple: there's room for actual thought there.<\/p>\n<p data-path-to-node=\"6\">There, it isn't the loudest voice that wins, but the one with a clear voice and consistency. Those who start early have a clear head start over time.<\/p>\n<h4><span style=\"font-weight: normal;\">Authenticity isn't a trend, it's a filter<\/span><\/h4>\n<p data-path-to-node=\"8\">AI-generated content has become an everyday thing. And precisely because of that, it's become recognizable. People quickly sense when something was made just to \"get it done.\"<\/p>\n<p data-path-to-node=\"9\">Soulless content doesn't create a relationship. And the relationship is what lasts.<\/p>\n<p data-path-to-node=\"10\">Brands that lean too heavily on anonymous, emotionless content might win in efficiency in the short term, but lose in long-term trust. That loss is very hard to earn back later.<\/p>\n<h4><span style=\"font-weight: normal;\">Big numbers no longer mean big impact<\/span><\/h4>\n<p data-path-to-node=\"12\">Impact no longer comes automatically from a large following. Decisions are influenced by people who are trusted, not just people who are known.<\/p>\n<p data-path-to-node=\"13\">Micro-creators, experts, and smaller voices can often sell more than big names \u2014 not because they're better salespeople, but because they come across as real.<\/p>\n<h4><span style=\"font-weight: normal;\">A brand's voice no longer comes from outside<\/span><\/h4>\n<p data-path-to-node=\"15\">More and more brands understand that personality can't be bought \u2014 it can only be grown.<\/p>\n<p data-path-to-node=\"16\">On social media, it's a brand's own people who rise to the top: leaders, specialists, and teams with genuine experience and a genuine point of view. Those are the voices people actually want to hear, not perfectly polished campaign faces.<\/p>\n<h4><span style=\"font-weight: normal;\" data-path-to-node=\"1\" data-index-in-node=\"0\">Creators and accountability for results<\/span><\/h4>\n<p data-path-to-node=\"2\">According to Kantar's Media Reactions study, 61% of marketers plan to increase their investment in creators. That means accountability grows too.<\/p>\n<p data-path-to-node=\"3\">Creators need to be part of the performance conversation. It's leadership's role to set clear frameworks and metrics, and then let creators do their work in a way that carries the brand's genuine meaning.<\/p>\n<h4><span style=\"font-weight: normal;\">The buying journey is no longer linear<\/span><\/h4>\n<p data-path-to-node=\"5\">The classic marketing funnel no longer describes real life. Today's buying journey is fragmented, but logical. Inspiration might come from TikTok, research from Reddit, ideas get saved on Pinterest, the decision gets validated with ChatGPT, and the purchase happens either online or in-store. A smart brand doesn't force someone to change their journey. It shows up wherever the person already is.<\/p>\n<p>In 2026, it isn't the one who produces the most, or talks the loudest, who wins. It's the one who's genuinely present. Less noise. More thought. Less optimization. More trust. And maybe that's the healthiest direction marketing can possibly move in.<\/p>\t\t\t\t\t\t\t\t<\/div>\n\t\t\t\t<\/div>\n\t\t\t\t\t<\/div>\n\t\t<\/div>\n\t\t\t\t\t<\/div>\n\t\t<\/section>\n\t\t\t\t<\/div>","protected":false},"excerpt":{"rendered":"<p>Viimased aastad on turunduses \u00f5petanud meid \u00fcht asja v\u00e4ga h\u00e4sti: kuidas maksimaalselt n\u00e4htav olla. Rohkem sisu, rohkem kanaleid, rohkem optimeerimist. Samal ajal on tunne, et mida rohkem pingutame, seda v\u00e4hem see inimesi p\u00e4riselt k\u00f5netab. Getri Mitt Megapikseli turunduse projektijuht \u00a0 Inimesed on v\u00e4sinud olemast sihtgrupp, andmed ja algoritmi sisend. T\u00e4helepanu ei ole enam iseenesestm\u00f5istetav ning [&hellip;]<\/p>\n","protected":false},"author":19,"featured_media":8220,"comment_status":"closed","ping_status":"closed","sticky":false,"template":"","format":"standard","meta":{"_angie_page":false,"page_builder":"","footnotes":""},"categories":[116],"tags":[],"class_list":["post-8152","post","type-post","status-publish","format-standard","has-post-thumbnail","hentry","category-blogi"],"yoast_head":"<!-- This site is optimized with the Yoast SEO plugin v28.3 - https:\/\/yoast.com\/product\/yoast-seo-wordpress\/ -->\n<title>ARVAMUS | Sel aastal ei v\u00f5ida enam see, kes k\u00f5ige valjemini r\u00e4\u00e4gib - Megapikselstuudio<\/title>\n<meta name=\"description\" content=\"Viimased aastad on turunduses \u00f5petanud meid \u00fcht asja v\u00e4ga h\u00e4sti: kuidas maksimaalselt n\u00e4htav olla.\" \/>\n<meta name=\"robots\" content=\"index, follow, max-snippet:-1, max-image-preview:large, max-video-preview:-1\" \/>\n<link rel=\"canonical\" href=\"https:\/\/www.megapikselstuudio.ee\/en\/arvamus-sel-aastal-ei-voida-enam-see-kes-koige-valjemini-raagib\/\" \/>\n<meta property=\"og:locale\" content=\"en_US\" \/>\n<meta property=\"og:type\" content=\"article\" \/>\n<meta property=\"og:title\" content=\"ARVAMUS | Sel aastal ei v\u00f5ida enam see, kes k\u00f5ige valjemini r\u00e4\u00e4gib - Megapikselstuudio\" \/>\n<meta property=\"og:description\" content=\"Viimased aastad on turunduses \u00f5petanud meid \u00fcht asja v\u00e4ga h\u00e4sti: kuidas maksimaalselt n\u00e4htav olla.\" \/>\n<meta property=\"og:url\" content=\"https:\/\/www.megapikselstuudio.ee\/en\/arvamus-sel-aastal-ei-voida-enam-see-kes-koige-valjemini-raagib\/\" \/>\n<meta property=\"og:site_name\" content=\"Megapikselstuudio\" \/>\n<meta property=\"article:publisher\" content=\"https:\/\/www.facebook.com\/megapikselstuudio\" \/>\n<meta property=\"article:published_time\" content=\"2026-04-16T08:59:14+00:00\" \/>\n<meta property=\"article:modified_time\" content=\"2026-04-30T10:04:27+00:00\" \/>\n<meta property=\"og:image\" content=\"https:\/\/www.megapikselstuudio.ee\/wp-content\/uploads\/2026\/04\/getri-arvamus-1920x1080-1.png\" \/>\n\t<meta property=\"og:image:width\" content=\"1920\" \/>\n\t<meta property=\"og:image:height\" content=\"1080\" \/>\n\t<meta property=\"og:image:type\" content=\"image\/png\" \/>\n<meta name=\"author\" content=\"Getri Mitt\" \/>\n<meta name=\"twitter:card\" content=\"summary_large_image\" \/>\n<meta name=\"twitter:label1\" content=\"Written by\" \/>\n\t<meta name=\"twitter:data1\" content=\"Getri Mitt\" \/>\n\t<meta name=\"twitter:label2\" content=\"Est. reading time\" \/>\n\t<meta name=\"twitter:data2\" content=\"4 minutes\" \/>\n<script type=\"application\/ld+json\" class=\"yoast-schema-graph\">{\"@context\":\"https:\\\/\\\/schema.org\",\"@graph\":[{\"@type\":\"Article\",\"@id\":\"https:\\\/\\\/www.megapikselstuudio.ee\\\/arvamus-sel-aastal-ei-voida-enam-see-kes-koige-valjemini-raagib\\\/#article\",\"isPartOf\":{\"@id\":\"https:\\\/\\\/www.megapikselstuudio.ee\\\/arvamus-sel-aastal-ei-voida-enam-see-kes-koige-valjemini-raagib\\\/\"},\"author\":{\"name\":\"Getri Mitt\",\"@id\":\"https:\\\/\\\/www.megapikselstuudio.ee\\\/#\\\/schema\\\/person\\\/186c1d865685e0254335ef711ff43f3e\"},\"headline\":\"ARVAMUS | Sel aastal ei v\u00f5ida enam see, kes k\u00f5ige valjemini r\u00e4\u00e4gib\",\"datePublished\":\"2026-04-16T08:59:14+00:00\",\"dateModified\":\"2026-04-30T10:04:27+00:00\",\"mainEntityOfPage\":{\"@id\":\"https:\\\/\\\/www.megapikselstuudio.ee\\\/arvamus-sel-aastal-ei-voida-enam-see-kes-koige-valjemini-raagib\\\/\"},\"wordCount\":811,\"publisher\":{\"@id\":\"https:\\\/\\\/www.megapikselstuudio.ee\\\/#organization\"},\"image\":{\"@id\":\"https:\\\/\\\/www.megapikselstuudio.ee\\\/arvamus-sel-aastal-ei-voida-enam-see-kes-koige-valjemini-raagib\\\/#primaryimage\"},\"thumbnailUrl\":\"https:\\\/\\\/www.megapikselstuudio.ee\\\/wp-content\\\/uploads\\\/2026\\\/04\\\/getri-arvamus-1920x1080-1.webp\",\"articleSection\":[\"Blogi\"],\"inLanguage\":\"en-US\"},{\"@type\":\"WebPage\",\"@id\":\"https:\\\/\\\/www.megapikselstuudio.ee\\\/arvamus-sel-aastal-ei-voida-enam-see-kes-koige-valjemini-raagib\\\/\",\"url\":\"https:\\\/\\\/www.megapikselstuudio.ee\\\/arvamus-sel-aastal-ei-voida-enam-see-kes-koige-valjemini-raagib\\\/\",\"name\":\"ARVAMUS | Sel aastal ei v\u00f5ida enam see, kes k\u00f5ige valjemini r\u00e4\u00e4gib - Megapikselstuudio\",\"isPartOf\":{\"@id\":\"https:\\\/\\\/www.megapikselstuudio.ee\\\/#website\"},\"primaryImageOfPage\":{\"@id\":\"https:\\\/\\\/www.megapikselstuudio.ee\\\/arvamus-sel-aastal-ei-voida-enam-see-kes-koige-valjemini-raagib\\\/#primaryimage\"},\"image\":{\"@id\":\"https:\\\/\\\/www.megapikselstuudio.ee\\\/arvamus-sel-aastal-ei-voida-enam-see-kes-koige-valjemini-raagib\\\/#primaryimage\"},\"thumbnailUrl\":\"https:\\\/\\\/www.megapikselstuudio.ee\\\/wp-content\\\/uploads\\\/2026\\\/04\\\/getri-arvamus-1920x1080-1.webp\",\"datePublished\":\"2026-04-16T08:59:14+00:00\",\"dateModified\":\"2026-04-30T10:04:27+00:00\",\"description\":\"Viimased aastad on turunduses \u00f5petanud meid \u00fcht asja v\u00e4ga h\u00e4sti: kuidas maksimaalselt n\u00e4htav olla.\",\"breadcrumb\":{\"@id\":\"https:\\\/\\\/www.megapikselstuudio.ee\\\/arvamus-sel-aastal-ei-voida-enam-see-kes-koige-valjemini-raagib\\\/#breadcrumb\"},\"inLanguage\":\"en-US\",\"potentialAction\":[{\"@type\":\"ReadAction\",\"target\":[\"https:\\\/\\\/www.megapikselstuudio.ee\\\/arvamus-sel-aastal-ei-voida-enam-see-kes-koige-valjemini-raagib\\\/\"]}]},{\"@type\":\"ImageObject\",\"inLanguage\":\"en-US\",\"@id\":\"https:\\\/\\\/www.megapikselstuudio.ee\\\/arvamus-sel-aastal-ei-voida-enam-see-kes-koige-valjemini-raagib\\\/#primaryimage\",\"url\":\"https:\\\/\\\/www.megapikselstuudio.ee\\\/wp-content\\\/uploads\\\/2026\\\/04\\\/getri-arvamus-1920x1080-1.webp\",\"contentUrl\":\"https:\\\/\\\/www.megapikselstuudio.ee\\\/wp-content\\\/uploads\\\/2026\\\/04\\\/getri-arvamus-1920x1080-1.webp\",\"width\":1920,\"height\":1080},{\"@type\":\"BreadcrumbList\",\"@id\":\"https:\\\/\\\/www.megapikselstuudio.ee\\\/arvamus-sel-aastal-ei-voida-enam-see-kes-koige-valjemini-raagib\\\/#breadcrumb\",\"itemListElement\":[{\"@type\":\"ListItem\",\"position\":1,\"name\":\"Home\",\"item\":\"https:\\\/\\\/www.megapikselstuudio.ee\\\/\"},{\"@type\":\"ListItem\",\"position\":2,\"name\":\"ARVAMUS | Sel aastal ei v\u00f5ida enam see, kes k\u00f5ige valjemini r\u00e4\u00e4gib\"}]},{\"@type\":\"WebSite\",\"@id\":\"https:\\\/\\\/www.megapikselstuudio.ee\\\/#website\",\"url\":\"https:\\\/\\\/www.megapikselstuudio.ee\\\/\",\"name\":\"Megapikselstuudio\",\"description\":\"Megapiksel - s\u00fcsteemne turunduspakett\",\"publisher\":{\"@id\":\"https:\\\/\\\/www.megapikselstuudio.ee\\\/#organization\"},\"alternateName\":\"Megapiksel\",\"potentialAction\":[{\"@type\":\"SearchAction\",\"target\":{\"@type\":\"EntryPoint\",\"urlTemplate\":\"https:\\\/\\\/www.megapikselstuudio.ee\\\/?s={search_term_string}\"},\"query-input\":{\"@type\":\"PropertyValueSpecification\",\"valueRequired\":true,\"valueName\":\"search_term_string\"}}],\"inLanguage\":\"en-US\"},{\"@type\":\"Organization\",\"@id\":\"https:\\\/\\\/www.megapikselstuudio.ee\\\/#organization\",\"name\":\"Megapiksel Stuudio O\u00dc\",\"alternateName\":\"Megapiksel\",\"url\":\"https:\\\/\\\/www.megapikselstuudio.ee\\\/\",\"logo\":{\"@type\":\"ImageObject\",\"inLanguage\":\"en-US\",\"@id\":\"https:\\\/\\\/www.megapikselstuudio.ee\\\/#\\\/schema\\\/logo\\\/image\\\/\",\"url\":\"https:\\\/\\\/www.megapikselstuudio.ee\\\/wp-content\\\/uploads\\\/2021\\\/04\\\/MEGAPIKSEL-must-2.svg\",\"contentUrl\":\"https:\\\/\\\/www.megapikselstuudio.ee\\\/wp-content\\\/uploads\\\/2021\\\/04\\\/MEGAPIKSEL-must-2.svg\",\"width\":4059,\"height\":921,\"caption\":\"Megapiksel Stuudio O\u00dc\"},\"image\":{\"@id\":\"https:\\\/\\\/www.megapikselstuudio.ee\\\/#\\\/schema\\\/logo\\\/image\\\/\"},\"sameAs\":[\"https:\\\/\\\/www.facebook.com\\\/megapikselstuudio\",\"https:\\\/\\\/www.instagram.com\\\/megapikselstuudio\\\/\",\"https:\\\/\\\/www.linkedin.com\\\/company\\\/megapiksel-stuudio\",\"https:\\\/\\\/www.tiktok.com\\\/@megapikselstuudio\"]},{\"@type\":\"Person\",\"@id\":\"https:\\\/\\\/www.megapikselstuudio.ee\\\/#\\\/schema\\\/person\\\/186c1d865685e0254335ef711ff43f3e\",\"name\":\"Getri Mitt\",\"image\":{\"@type\":\"ImageObject\",\"inLanguage\":\"en-US\",\"@id\":\"https:\\\/\\\/secure.gravatar.com\\\/avatar\\\/6ff649cc2a128ca61a4b44ee1ff59c48d2f3d0f16cd863741aa8b7f1b08b4506?s=96&d=mm&r=g\",\"url\":\"https:\\\/\\\/secure.gravatar.com\\\/avatar\\\/6ff649cc2a128ca61a4b44ee1ff59c48d2f3d0f16cd863741aa8b7f1b08b4506?s=96&d=mm&r=g\",\"contentUrl\":\"https:\\\/\\\/secure.gravatar.com\\\/avatar\\\/6ff649cc2a128ca61a4b44ee1ff59c48d2f3d0f16cd863741aa8b7f1b08b4506?s=96&d=mm&r=g\",\"caption\":\"Getri Mitt\"},\"url\":false}]}<\/script>\n<!-- \/ Yoast SEO plugin. -->","yoast_head_json":{"title":"ARVAMUS | Sel aastal ei v\u00f5ida enam see, kes k\u00f5ige valjemini r\u00e4\u00e4gib - Megapikselstuudio","description":"Viimased aastad on turunduses \u00f5petanud meid \u00fcht asja v\u00e4ga h\u00e4sti: kuidas maksimaalselt n\u00e4htav olla.","robots":{"index":"index","follow":"follow","max-snippet":"max-snippet:-1","max-image-preview":"max-image-preview:large","max-video-preview":"max-video-preview:-1"},"canonical":"https:\/\/www.megapikselstuudio.ee\/en\/arvamus-sel-aastal-ei-voida-enam-see-kes-koige-valjemini-raagib\/","og_locale":"en_US","og_type":"article","og_title":"ARVAMUS | Sel aastal ei v\u00f5ida enam see, kes k\u00f5ige valjemini r\u00e4\u00e4gib - Megapikselstuudio","og_description":"Viimased aastad on turunduses \u00f5petanud meid \u00fcht asja v\u00e4ga h\u00e4sti: kuidas maksimaalselt n\u00e4htav olla.","og_url":"https:\/\/www.megapikselstuudio.ee\/en\/arvamus-sel-aastal-ei-voida-enam-see-kes-koige-valjemini-raagib\/","og_site_name":"Megapikselstuudio","article_publisher":"https:\/\/www.facebook.com\/megapikselstuudio","article_published_time":"2026-04-16T08:59:14+00:00","article_modified_time":"2026-04-30T10:04:27+00:00","og_image":[{"width":1920,"height":1080,"url":"https:\/\/www.megapikselstuudio.ee\/wp-content\/uploads\/2026\/04\/getri-arvamus-1920x1080-1.png","type":"image\/png"}],"author":"Getri Mitt","twitter_card":"summary_large_image","twitter_misc":{"Written by":"Getri Mitt","Est. reading time":"4 minutes"},"schema":{"@context":"https:\/\/schema.org","@graph":[{"@type":"Article","@id":"https:\/\/www.megapikselstuudio.ee\/arvamus-sel-aastal-ei-voida-enam-see-kes-koige-valjemini-raagib\/#article","isPartOf":{"@id":"https:\/\/www.megapikselstuudio.ee\/arvamus-sel-aastal-ei-voida-enam-see-kes-koige-valjemini-raagib\/"},"author":{"name":"Getri Mitt","@id":"https:\/\/www.megapikselstuudio.ee\/#\/schema\/person\/186c1d865685e0254335ef711ff43f3e"},"headline":"ARVAMUS | Sel aastal ei v\u00f5ida enam see, kes k\u00f5ige valjemini r\u00e4\u00e4gib","datePublished":"2026-04-16T08:59:14+00:00","dateModified":"2026-04-30T10:04:27+00:00","mainEntityOfPage":{"@id":"https:\/\/www.megapikselstuudio.ee\/arvamus-sel-aastal-ei-voida-enam-see-kes-koige-valjemini-raagib\/"},"wordCount":811,"publisher":{"@id":"https:\/\/www.megapikselstuudio.ee\/#organization"},"image":{"@id":"https:\/\/www.megapikselstuudio.ee\/arvamus-sel-aastal-ei-voida-enam-see-kes-koige-valjemini-raagib\/#primaryimage"},"thumbnailUrl":"https:\/\/www.megapikselstuudio.ee\/wp-content\/uploads\/2026\/04\/getri-arvamus-1920x1080-1.webp","articleSection":["Blogi"],"inLanguage":"en-US"},{"@type":"WebPage","@id":"https:\/\/www.megapikselstuudio.ee\/arvamus-sel-aastal-ei-voida-enam-see-kes-koige-valjemini-raagib\/","url":"https:\/\/www.megapikselstuudio.ee\/arvamus-sel-aastal-ei-voida-enam-see-kes-koige-valjemini-raagib\/","name":"ARVAMUS | Sel aastal ei v\u00f5ida enam see, kes k\u00f5ige valjemini r\u00e4\u00e4gib - Megapikselstuudio","isPartOf":{"@id":"https:\/\/www.megapikselstuudio.ee\/#website"},"primaryImageOfPage":{"@id":"https:\/\/www.megapikselstuudio.ee\/arvamus-sel-aastal-ei-voida-enam-see-kes-koige-valjemini-raagib\/#primaryimage"},"image":{"@id":"https:\/\/www.megapikselstuudio.ee\/arvamus-sel-aastal-ei-voida-enam-see-kes-koige-valjemini-raagib\/#primaryimage"},"thumbnailUrl":"https:\/\/www.megapikselstuudio.ee\/wp-content\/uploads\/2026\/04\/getri-arvamus-1920x1080-1.webp","datePublished":"2026-04-16T08:59:14+00:00","dateModified":"2026-04-30T10:04:27+00:00","description":"Viimased aastad on turunduses \u00f5petanud meid \u00fcht asja v\u00e4ga h\u00e4sti: kuidas maksimaalselt n\u00e4htav olla.","breadcrumb":{"@id":"https:\/\/www.megapikselstuudio.ee\/arvamus-sel-aastal-ei-voida-enam-see-kes-koige-valjemini-raagib\/#breadcrumb"},"inLanguage":"en-US","potentialAction":[{"@type":"ReadAction","target":["https:\/\/www.megapikselstuudio.ee\/arvamus-sel-aastal-ei-voida-enam-see-kes-koige-valjemini-raagib\/"]}]},{"@type":"ImageObject","inLanguage":"en-US","@id":"https:\/\/www.megapikselstuudio.ee\/arvamus-sel-aastal-ei-voida-enam-see-kes-koige-valjemini-raagib\/#primaryimage","url":"https:\/\/www.megapikselstuudio.ee\/wp-content\/uploads\/2026\/04\/getri-arvamus-1920x1080-1.webp","contentUrl":"https:\/\/www.megapikselstuudio.ee\/wp-content\/uploads\/2026\/04\/getri-arvamus-1920x1080-1.webp","width":1920,"height":1080},{"@type":"BreadcrumbList","@id":"https:\/\/www.megapikselstuudio.ee\/arvamus-sel-aastal-ei-voida-enam-see-kes-koige-valjemini-raagib\/#breadcrumb","itemListElement":[{"@type":"ListItem","position":1,"name":"Home","item":"https:\/\/www.megapikselstuudio.ee\/"},{"@type":"ListItem","position":2,"name":"ARVAMUS | Sel aastal ei v\u00f5ida enam see, kes k\u00f5ige valjemini r\u00e4\u00e4gib"}]},{"@type":"WebSite","@id":"https:\/\/www.megapikselstuudio.ee\/#website","url":"https:\/\/www.megapikselstuudio.ee\/","name":"Megapikselstuudio","description":"Megapiksel - s\u00fcsteemne turunduspakett","publisher":{"@id":"https:\/\/www.megapikselstuudio.ee\/#organization"},"alternateName":"Megapiksel","potentialAction":[{"@type":"SearchAction","target":{"@type":"EntryPoint","urlTemplate":"https:\/\/www.megapikselstuudio.ee\/?s={search_term_string}"},"query-input":{"@type":"PropertyValueSpecification","valueRequired":true,"valueName":"search_term_string"}}],"inLanguage":"en-US"},{"@type":"Organization","@id":"https:\/\/www.megapikselstuudio.ee\/#organization","name":"Megapiksel Stuudio O\u00dc","alternateName":"Megapiksel","url":"https:\/\/www.megapikselstuudio.ee\/","logo":{"@type":"ImageObject","inLanguage":"en-US","@id":"https:\/\/www.megapikselstuudio.ee\/#\/schema\/logo\/image\/","url":"https:\/\/www.megapikselstuudio.ee\/wp-content\/uploads\/2021\/04\/MEGAPIKSEL-must-2.svg","contentUrl":"https:\/\/www.megapikselstuudio.ee\/wp-content\/uploads\/2021\/04\/MEGAPIKSEL-must-2.svg","width":4059,"height":921,"caption":"Megapiksel Stuudio O\u00dc"},"image":{"@id":"https:\/\/www.megapikselstuudio.ee\/#\/schema\/logo\/image\/"},"sameAs":["https:\/\/www.facebook.com\/megapikselstuudio","https:\/\/www.instagram.com\/megapikselstuudio\/","https:\/\/www.linkedin.com\/company\/megapiksel-stuudio","https:\/\/www.tiktok.com\/@megapikselstuudio"]},{"@type":"Person","@id":"https:\/\/www.megapikselstuudio.ee\/#\/schema\/person\/186c1d865685e0254335ef711ff43f3e","name":"Getri Mitt","image":{"@type":"ImageObject","inLanguage":"en-US","@id":"https:\/\/secure.gravatar.com\/avatar\/6ff649cc2a128ca61a4b44ee1ff59c48d2f3d0f16cd863741aa8b7f1b08b4506?s=96&d=mm&r=g","url":"https:\/\/secure.gravatar.com\/avatar\/6ff649cc2a128ca61a4b44ee1ff59c48d2f3d0f16cd863741aa8b7f1b08b4506?s=96&d=mm&r=g","contentUrl":"https:\/\/secure.gravatar.com\/avatar\/6ff649cc2a128ca61a4b44ee1ff59c48d2f3d0f16cd863741aa8b7f1b08b4506?s=96&d=mm&r=g","caption":"Getri Mitt"},"url":false}]}},"_links":{"self":[{"href":"https:\/\/www.megapikselstuudio.ee\/en\/wp-json\/wp\/v2\/posts\/8152","targetHints":{"allow":["GET"]}}],"collection":[{"href":"https:\/\/www.megapikselstuudio.ee\/en\/wp-json\/wp\/v2\/posts"}],"about":[{"href":"https:\/\/www.megapikselstuudio.ee\/en\/wp-json\/wp\/v2\/types\/post"}],"author":[{"embeddable":true,"href":"https:\/\/www.megapikselstuudio.ee\/en\/wp-json\/wp\/v2\/users\/19"}],"replies":[{"embeddable":true,"href":"https:\/\/www.megapikselstuudio.ee\/en\/wp-json\/wp\/v2\/comments?post=8152"}],"version-history":[{"count":5,"href":"https:\/\/www.megapikselstuudio.ee\/en\/wp-json\/wp\/v2\/posts\/8152\/revisions"}],"predecessor-version":[{"id":8222,"href":"https:\/\/www.megapikselstuudio.ee\/en\/wp-json\/wp\/v2\/posts\/8152\/revisions\/8222"}],"wp:featuredmedia":[{"embeddable":true,"href":"https:\/\/www.megapikselstuudio.ee\/en\/wp-json\/wp\/v2\/media\/8220"}],"wp:attachment":[{"href":"https:\/\/www.megapikselstuudio.ee\/en\/wp-json\/wp\/v2\/media?parent=8152"}],"wp:term":[{"taxonomy":"category","embeddable":true,"href":"https:\/\/www.megapikselstuudio.ee\/en\/wp-json\/wp\/v2\/categories?post=8152"},{"taxonomy":"post_tag","embeddable":true,"href":"https:\/\/www.megapikselstuudio.ee\/en\/wp-json\/wp\/v2\/tags?post=8152"}],"curies":[{"name":"wp","href":"https:\/\/api.w.org\/{rel}","templated":true}]}}